{"id":171,"date":"2018-07-09T15:18:30","date_gmt":"2018-07-09T14:18:30","guid":{"rendered":"https:\/\/cftc-eram.fr\/?p=171"},"modified":"2018-07-09T15:45:32","modified_gmt":"2018-07-09T14:45:32","slug":"bonjour-et-bienvenue-sur-le-portail-syndical-de-la-section-cftc-eram","status":"publish","type":"post","link":"https:\/\/www.cftc-eram.fr\/index.php\/2018\/07\/09\/bonjour-et-bienvenue-sur-le-portail-syndical-de-la-section-cftc-eram\/","title":{"rendered":"Bonjour et bienvenue sur le portail syndical de la section CFTC Eram."},"content":{"rendered":"<p>Cette interface doit vous permettre d&rsquo;avoir directement, et toujours sous la main (et sur votre t\u00e9l\u00e9phone), un acc\u00e8s direct aux informations relatives \u00e0 notre section et \u00e0 la vie dans l&rsquo;entreprise.<\/p>\n<p>Partenaire de votre vie professionnelle, toute l&rsquo;\u00e9quipe CFTC esp\u00e8re que vous appr\u00e9cierez ce nouvel outil.<\/p>\n<p>Depuis les derni\u00e8res \u00e9lections, vos repr\u00e9sentants sont impliqu\u00e9s au quotidien dans l\u2019am\u00e9lioration des conditions de travail et l\u2019obtention d\u2019avanc\u00e9es sociales fortes.<\/p>\n<p>M\u00eame si il reste encore beaucoup \u00e0 faire et \u00e0 obtenir, vous pouvez compter sur vos \u00e9lus CFTC pour continuer de vous accompagner, de d\u00e9fendre vos int\u00e9r\u00eats et de d\u00e9velopper les acquis sociaux au sein d&rsquo;Eram.<\/p>\n<p>A tr\u00e8s bient\u00f4t,<\/p>\n<p>L&rsquo;\u00e9quipe CFTC<\/p>\n<p>&nbsp;<\/p>\n","protected":false},"excerpt":{"rendered":"<p>Cette interface doit vous permettre d&rsquo;avoir directement, et toujours sous la main (et sur votre t\u00e9l\u00e9phone), un acc\u00e8s direct aux informations relatives \u00e0 notre section et \u00e0 la vie dans l&rsquo;entreprise. Partenaire de votre vie professionnelle, toute l&rsquo;\u00e9quipe CFTC esp\u00e8re que vous appr\u00e9cierez ce nouvel outil. Depuis les derni\u00e8res \u00e9lections, vos repr\u00e9sentants sont impliqu\u00e9s au &#8230; <a title=\"Bonjour et bienvenue sur le portail syndical de la section CFTC Eram.\" class=\"read-more\" href=\"https:\/\/www.cftc-eram.fr\/index.php\/2018\/07\/09\/bonjour-et-bienvenue-sur-le-portail-syndical-de-la-section-cftc-eram\/\" aria-label=\"En savoir plus sur Bonjour et bienvenue sur le portail syndical de la section CFTC Eram.\">Lire plus<\/a><\/p>\n","protected":false},"author":1,"featured_media":0,"comment_status":"closed","ping_status":"closed","sticky":false,"template":"","format":"standard","meta":{"generate_page_header":"","_jetpack_memberships_contains_paid_content":false,"footnotes":"","jetpack_publicize_message":"","jetpack_publicize_feature_enabled":true,"jetpack_social_post_already_shared":false,"jetpack_social_options":{"image_generator_settings":{"template":"highway","default_image_id":0,"font":"","enabled":false},"version":2}},"categories":[1],"tags":[],"class_list":["post-171","post","type-post","status-publish","format-standard","hentry","category-non-classe"],"yoast_head":"<!-- This site is optimized with the Yoast SEO plugin v27.5 - https:\/\/yoast.com\/product\/yoast-seo-wordpress\/ -->\n<title>Bonjour et bienvenue sur le portail syndical de la section CFTC Eram. - CFTC Eram<\/title>\n<meta name=\"robots\" content=\"index, follow, max-snippet:-1, max-image-preview:large, max-video-preview:-1\" \/>\n<link rel=\"canonical\" href=\"https:\/\/www.cftc-eram.fr\/index.php\/2018\/07\/09\/bonjour-et-bienvenue-sur-le-portail-syndical-de-la-section-cftc-eram\/\" \/>\n<meta property=\"og:locale\" content=\"fr_FR\" \/>\n<meta property=\"og:type\" content=\"article\" \/>\n<meta property=\"og:title\" content=\"Bonjour et bienvenue sur le portail syndical de la section CFTC Eram. - CFTC Eram\" \/>\n<meta property=\"og:description\" content=\"Cette interface doit vous permettre d&rsquo;avoir directement, et toujours sous la main (et sur votre t\u00e9l\u00e9phone), un acc\u00e8s direct aux informations relatives \u00e0 notre section et \u00e0 la vie dans l&rsquo;entreprise. Partenaire de votre vie professionnelle, toute l&rsquo;\u00e9quipe CFTC esp\u00e8re que vous appr\u00e9cierez ce nouvel outil. Depuis les derni\u00e8res \u00e9lections, vos repr\u00e9sentants sont impliqu\u00e9s au ... Lire plus\" \/>\n<meta property=\"og:url\" content=\"https:\/\/www.cftc-eram.fr\/index.php\/2018\/07\/09\/bonjour-et-bienvenue-sur-le-portail-syndical-de-la-section-cftc-eram\/\" \/>\n<meta property=\"og:site_name\" content=\"CFTC Eram\" \/>\n<meta property=\"article:published_time\" content=\"2018-07-09T14:18:30+00:00\" \/>\n<meta property=\"article:modified_time\" content=\"2018-07-09T14:45:32+00:00\" \/>\n<meta name=\"author\" content=\"webcsfv\" \/>\n<meta name=\"twitter:card\" content=\"summary_large_image\" \/>\n<meta name=\"twitter:label1\" content=\"\u00c9crit par\" \/>\n\t<meta name=\"twitter:data1\" content=\"webcsfv\" \/>\n\t<meta name=\"twitter:label2\" content=\"Dur\u00e9e de lecture estim\u00e9e\" \/>\n\t<meta name=\"twitter:data2\" content=\"1 minute\" \/>\n<script type=\"application\/ld+json\" class=\"yoast-schema-graph\">{\"@context\":\"https:\\\/\\\/schema.org\",\"@graph\":[{\"@type\":\"Article\",\"@id\":\"https:\\\/\\\/www.cftc-eram.fr\\\/index.php\\\/2018\\\/07\\\/09\\\/bonjour-et-bienvenue-sur-le-portail-syndical-de-la-section-cftc-eram\\\/#article\",\"isPartOf\":{\"@id\":\"https:\\\/\\\/www.cftc-eram.fr\\\/index.php\\\/2018\\\/07\\\/09\\\/bonjour-et-bienvenue-sur-le-portail-syndical-de-la-section-cftc-eram\\\/\"},\"author\":{\"name\":\"webcsfv\",\"@id\":\"https:\\\/\\\/www.cftc-eram.fr\\\/#\\\/schema\\\/person\\\/10e9324ff9df4c4ece86b4968ab96de6\"},\"headline\":\"Bonjour et bienvenue sur le portail syndical de la section CFTC Eram.\",\"datePublished\":\"2018-07-09T14:18:30+00:00\",\"dateModified\":\"2018-07-09T14:45:32+00:00\",\"mainEntityOfPage\":{\"@id\":\"https:\\\/\\\/www.cftc-eram.fr\\\/index.php\\\/2018\\\/07\\\/09\\\/bonjour-et-bienvenue-sur-le-portail-syndical-de-la-section-cftc-eram\\\/\"},\"wordCount\":142,\"publisher\":{\"@id\":\"https:\\\/\\\/www.cftc-eram.fr\\\/#organization\"},\"inLanguage\":\"fr-FR\"},{\"@type\":\"WebPage\",\"@id\":\"https:\\\/\\\/www.cftc-eram.fr\\\/index.php\\\/2018\\\/07\\\/09\\\/bonjour-et-bienvenue-sur-le-portail-syndical-de-la-section-cftc-eram\\\/\",\"url\":\"https:\\\/\\\/www.cftc-eram.fr\\\/index.php\\\/2018\\\/07\\\/09\\\/bonjour-et-bienvenue-sur-le-portail-syndical-de-la-section-cftc-eram\\\/\",\"name\":\"Bonjour et bienvenue sur le portail syndical de la section CFTC Eram. - CFTC Eram\",\"isPartOf\":{\"@id\":\"https:\\\/\\\/www.cftc-eram.fr\\\/#website\"},\"datePublished\":\"2018-07-09T14:18:30+00:00\",\"dateModified\":\"2018-07-09T14:45:32+00:00\",\"breadcrumb\":{\"@id\":\"https:\\\/\\\/www.cftc-eram.fr\\\/index.php\\\/2018\\\/07\\\/09\\\/bonjour-et-bienvenue-sur-le-portail-syndical-de-la-section-cftc-eram\\\/#breadcrumb\"},\"inLanguage\":\"fr-FR\",\"potentialAction\":[{\"@type\":\"ReadAction\",\"target\":[\"https:\\\/\\\/www.cftc-eram.fr\\\/index.php\\\/2018\\\/07\\\/09\\\/bonjour-et-bienvenue-sur-le-portail-syndical-de-la-section-cftc-eram\\\/\"]}]},{\"@type\":\"BreadcrumbList\",\"@id\":\"https:\\\/\\\/www.cftc-eram.fr\\\/index.php\\\/2018\\\/07\\\/09\\\/bonjour-et-bienvenue-sur-le-portail-syndical-de-la-section-cftc-eram\\\/#breadcrumb\",\"itemListElement\":[{\"@type\":\"ListItem\",\"position\":1,\"name\":\"Accueil\",\"item\":\"https:\\\/\\\/www.cftc-eram.fr\\\/\"},{\"@type\":\"ListItem\",\"position\":2,\"name\":\"Bonjour et bienvenue sur le portail syndical de la section CFTC Eram.\"}]},{\"@type\":\"WebSite\",\"@id\":\"https:\\\/\\\/www.cftc-eram.fr\\\/#website\",\"url\":\"https:\\\/\\\/www.cftc-eram.fr\\\/\",\"name\":\"CFTC Eram\",\"description\":\"Le site de la section syndicale CFTC chez Eram\",\"publisher\":{\"@id\":\"https:\\\/\\\/www.cftc-eram.fr\\\/#organization\"},\"potentialAction\":[{\"@type\":\"SearchAction\",\"target\":{\"@type\":\"EntryPoint\",\"urlTemplate\":\"https:\\\/\\\/www.cftc-eram.fr\\\/?s={search_term_string}\"},\"query-input\":{\"@type\":\"PropertyValueSpecification\",\"valueRequired\":true,\"valueName\":\"search_term_string\"}}],\"inLanguage\":\"fr-FR\"},{\"@type\":\"Organization\",\"@id\":\"https:\\\/\\\/www.cftc-eram.fr\\\/#organization\",\"name\":\"CFTC Eram\",\"url\":\"https:\\\/\\\/www.cftc-eram.fr\\\/\",\"logo\":{\"@type\":\"ImageObject\",\"inLanguage\":\"fr-FR\",\"@id\":\"https:\\\/\\\/www.cftc-eram.fr\\\/#\\\/schema\\\/logo\\\/image\\\/\",\"url\":\"https:\\\/\\\/i0.wp.com\\\/www.cftc-eram.fr\\\/wp-content\\\/uploads\\\/2018\\\/07\\\/cropped-Bloc-logo-eram-2018-1.png?fit=900%2C228&ssl=1\",\"contentUrl\":\"https:\\\/\\\/i0.wp.com\\\/www.cftc-eram.fr\\\/wp-content\\\/uploads\\\/2018\\\/07\\\/cropped-Bloc-logo-eram-2018-1.png?fit=900%2C228&ssl=1\",\"width\":900,\"height\":228,\"caption\":\"CFTC Eram\"},\"image\":{\"@id\":\"https:\\\/\\\/www.cftc-eram.fr\\\/#\\\/schema\\\/logo\\\/image\\\/\"}},{\"@type\":\"Person\",\"@id\":\"https:\\\/\\\/www.cftc-eram.fr\\\/#\\\/schema\\\/person\\\/10e9324ff9df4c4ece86b4968ab96de6\",\"name\":\"webcsfv\",\"image\":{\"@type\":\"ImageObject\",\"inLanguage\":\"fr-FR\",\"@id\":\"https:\\\/\\\/secure.gravatar.com\\\/avatar\\\/3d8bf08c8feaca537ce41c2b95cec6c85a8036a1687877b5eb7cb09dcb9b6f06?s=96&d=mm&r=g\",\"url\":\"https:\\\/\\\/secure.gravatar.com\\\/avatar\\\/3d8bf08c8feaca537ce41c2b95cec6c85a8036a1687877b5eb7cb09dcb9b6f06?s=96&d=mm&r=g\",\"contentUrl\":\"https:\\\/\\\/secure.gravatar.com\\\/avatar\\\/3d8bf08c8feaca537ce41c2b95cec6c85a8036a1687877b5eb7cb09dcb9b6f06?s=96&d=mm&r=g\",\"caption\":\"webcsfv\"},\"url\":\"https:\\\/\\\/www.cftc-eram.fr\\\/index.php\\\/author\\\/webcsfv\\\/\"}]}<\/script>\n<!-- \/ Yoast SEO plugin. -->","yoast_head_json":{"title":"Bonjour et bienvenue sur le portail syndical de la section CFTC Eram. - CFTC Eram","robots":{"index":"index","follow":"follow","max-snippet":"max-snippet:-1","max-image-preview":"max-image-preview:large","max-video-preview":"max-video-preview:-1"},"canonical":"https:\/\/www.cftc-eram.fr\/index.php\/2018\/07\/09\/bonjour-et-bienvenue-sur-le-portail-syndical-de-la-section-cftc-eram\/","og_locale":"fr_FR","og_type":"article","og_title":"Bonjour et bienvenue sur le portail syndical de la section CFTC Eram. - CFTC Eram","og_description":"Cette interface doit vous permettre d&rsquo;avoir directement, et toujours sous la main (et sur votre t\u00e9l\u00e9phone), un acc\u00e8s direct aux informations relatives \u00e0 notre section et \u00e0 la vie dans l&rsquo;entreprise. Partenaire de votre vie professionnelle, toute l&rsquo;\u00e9quipe CFTC esp\u00e8re que vous appr\u00e9cierez ce nouvel outil. Depuis les derni\u00e8res \u00e9lections, vos repr\u00e9sentants sont impliqu\u00e9s au ... Lire plus","og_url":"https:\/\/www.cftc-eram.fr\/index.php\/2018\/07\/09\/bonjour-et-bienvenue-sur-le-portail-syndical-de-la-section-cftc-eram\/","og_site_name":"CFTC Eram","article_published_time":"2018-07-09T14:18:30+00:00","article_modified_time":"2018-07-09T14:45:32+00:00","author":"webcsfv","twitter_card":"summary_large_image","twitter_misc":{"\u00c9crit par":"webcsfv","Dur\u00e9e de lecture estim\u00e9e":"1 minute"},"schema":{"@context":"https:\/\/schema.org","@graph":[{"@type":"Article","@id":"https:\/\/www.cftc-eram.fr\/index.php\/2018\/07\/09\/bonjour-et-bienvenue-sur-le-portail-syndical-de-la-section-cftc-eram\/#article","isPartOf":{"@id":"https:\/\/www.cftc-eram.fr\/index.php\/2018\/07\/09\/bonjour-et-bienvenue-sur-le-portail-syndical-de-la-section-cftc-eram\/"},"author":{"name":"webcsfv","@id":"https:\/\/www.cftc-eram.fr\/#\/schema\/person\/10e9324ff9df4c4ece86b4968ab96de6"},"headline":"Bonjour et bienvenue sur le portail syndical de la section CFTC Eram.","datePublished":"2018-07-09T14:18:30+00:00","dateModified":"2018-07-09T14:45:32+00:00","mainEntityOfPage":{"@id":"https:\/\/www.cftc-eram.fr\/index.php\/2018\/07\/09\/bonjour-et-bienvenue-sur-le-portail-syndical-de-la-section-cftc-eram\/"},"wordCount":142,"publisher":{"@id":"https:\/\/www.cftc-eram.fr\/#organization"},"inLanguage":"fr-FR"},{"@type":"WebPage","@id":"https:\/\/www.cftc-eram.fr\/index.php\/2018\/07\/09\/bonjour-et-bienvenue-sur-le-portail-syndical-de-la-section-cftc-eram\/","url":"https:\/\/www.cftc-eram.fr\/index.php\/2018\/07\/09\/bonjour-et-bienvenue-sur-le-portail-syndical-de-la-section-cftc-eram\/","name":"Bonjour et bienvenue sur le portail syndical de la section CFTC Eram. - CFTC Eram","isPartOf":{"@id":"https:\/\/www.cftc-eram.fr\/#website"},"datePublished":"2018-07-09T14:18:30+00:00","dateModified":"2018-07-09T14:45:32+00:00","breadcrumb":{"@id":"https:\/\/www.cftc-eram.fr\/index.php\/2018\/07\/09\/bonjour-et-bienvenue-sur-le-portail-syndical-de-la-section-cftc-eram\/#breadcrumb"},"inLanguage":"fr-FR","potentialAction":[{"@type":"ReadAction","target":["https:\/\/www.cftc-eram.fr\/index.php\/2018\/07\/09\/bonjour-et-bienvenue-sur-le-portail-syndical-de-la-section-cftc-eram\/"]}]},{"@type":"BreadcrumbList","@id":"https:\/\/www.cftc-eram.fr\/index.php\/2018\/07\/09\/bonjour-et-bienvenue-sur-le-portail-syndical-de-la-section-cftc-eram\/#breadcrumb","itemListElement":[{"@type":"ListItem","position":1,"name":"Accueil","item":"https:\/\/www.cftc-eram.fr\/"},{"@type":"ListItem","position":2,"name":"Bonjour et bienvenue sur le portail syndical de la section CFTC Eram."}]},{"@type":"WebSite","@id":"https:\/\/www.cftc-eram.fr\/#website","url":"https:\/\/www.cftc-eram.fr\/","name":"CFTC Eram","description":"Le site de la section syndicale CFTC chez Eram","publisher":{"@id":"https:\/\/www.cftc-eram.fr\/#organization"},"potentialAction":[{"@type":"SearchAction","target":{"@type":"EntryPoint","urlTemplate":"https:\/\/www.cftc-eram.fr\/?s={search_term_string}"},"query-input":{"@type":"PropertyValueSpecification","valueRequired":true,"valueName":"search_term_string"}}],"inLanguage":"fr-FR"},{"@type":"Organization","@id":"https:\/\/www.cftc-eram.fr\/#organization","name":"CFTC Eram","url":"https:\/\/www.cftc-eram.fr\/","logo":{"@type":"ImageObject","inLanguage":"fr-FR","@id":"https:\/\/www.cftc-eram.fr\/#\/schema\/logo\/image\/","url":"https:\/\/i0.wp.com\/www.cftc-eram.fr\/wp-content\/uploads\/2018\/07\/cropped-Bloc-logo-eram-2018-1.png?fit=900%2C228&ssl=1","contentUrl":"https:\/\/i0.wp.com\/www.cftc-eram.fr\/wp-content\/uploads\/2018\/07\/cropped-Bloc-logo-eram-2018-1.png?fit=900%2C228&ssl=1","width":900,"height":228,"caption":"CFTC Eram"},"image":{"@id":"https:\/\/www.cftc-eram.fr\/#\/schema\/logo\/image\/"}},{"@type":"Person","@id":"https:\/\/www.cftc-eram.fr\/#\/schema\/person\/10e9324ff9df4c4ece86b4968ab96de6","name":"webcsfv","image":{"@type":"ImageObject","inLanguage":"fr-FR","@id":"https:\/\/secure.gravatar.com\/avatar\/3d8bf08c8feaca537ce41c2b95cec6c85a8036a1687877b5eb7cb09dcb9b6f06?s=96&d=mm&r=g","url":"https:\/\/secure.gravatar.com\/avatar\/3d8bf08c8feaca537ce41c2b95cec6c85a8036a1687877b5eb7cb09dcb9b6f06?s=96&d=mm&r=g","contentUrl":"https:\/\/secure.gravatar.com\/avatar\/3d8bf08c8feaca537ce41c2b95cec6c85a8036a1687877b5eb7cb09dcb9b6f06?s=96&d=mm&r=g","caption":"webcsfv"},"url":"https:\/\/www.cftc-eram.fr\/index.php\/author\/webcsfv\/"}]}},"jetpack_publicize_connections":[],"jetpack_featured_media_url":"","jetpack_sharing_enabled":true,"jetpack_shortlink":"https:\/\/wp.me\/pa5NUa-2L","jetpack-related-posts":[],"_links":{"self":[{"href":"https:\/\/www.cftc-eram.fr\/index.php\/wp-json\/wp\/v2\/posts\/171","targetHints":{"allow":["GET"]}}],"collection":[{"href":"https:\/\/www.cftc-eram.fr\/index.php\/wp-json\/wp\/v2\/posts"}],"about":[{"href":"https:\/\/www.cftc-eram.fr\/index.php\/wp-json\/wp\/v2\/types\/post"}],"author":[{"embeddable":true,"href":"https:\/\/www.cftc-eram.fr\/index.php\/wp-json\/wp\/v2\/users\/1"}],"replies":[{"embeddable":true,"href":"https:\/\/www.cftc-eram.fr\/index.php\/wp-json\/wp\/v2\/comments?post=171"}],"version-history":[{"count":4,"href":"https:\/\/www.cftc-eram.fr\/index.php\/wp-json\/wp\/v2\/posts\/171\/revisions"}],"predecessor-version":[{"id":188,"href":"https:\/\/www.cftc-eram.fr\/index.php\/wp-json\/wp\/v2\/posts\/171\/revisions\/188"}],"wp:attachment":[{"href":"https:\/\/www.cftc-eram.fr\/index.php\/wp-json\/wp\/v2\/media?parent=171"}],"wp:term":[{"taxonomy":"category","embeddable":true,"href":"https:\/\/www.cftc-eram.fr\/index.php\/wp-json\/wp\/v2\/categories?post=171"},{"taxonomy":"post_tag","embeddable":true,"href":"https:\/\/www.cftc-eram.fr\/index.php\/wp-json\/wp\/v2\/tags?post=171"}],"curies":[{"name":"wp","href":"https:\/\/api.w.org\/{rel}","templated":true}]}}